{"id":10462,"date":"2023-10-29T17:12:43","date_gmt":"2023-10-29T17:12:43","guid":{"rendered":"https:\/\/peru-n-u.com\/montana-arcoiris-vinicunca-tour-privado-o-grupal-cual-es-la-mejor-opcion\/"},"modified":"2024-10-23T22:46:00","modified_gmt":"2024-10-23T22:46:00","slug":"montana-arcoiris-vinicunca-tour-privado-o-grupal-cual-es-la-mejor-opcion","status":"publish","type":"blog","link":"https:\/\/peru-n-u.com\/es\/blog\/montana-arcoiris-vinicunca-tour-privado-o-grupal-cual-es-la-mejor-opcion\/","title":{"rendered":"Monta\u00f1a arcoiris Vinicunca, Tour privado o grupal, \u00bfcu\u00e1l es la mejor opci\u00f3n?"},"content":{"rendered":"\n<p>Descubra uno de los \u00faltimos descubrimientos de la sabia Madre Naturaleza: La <a href=\"https:\/\/peru-n-u.com\/tour\/rainbow-mountain-full-day-private-tour\/\">Monta\u00f1a de Arco Iris o Vinicunca<\/a> llamada as\u00ed por sus peculiares colores que asemejan un arco\u00edris impregnado en las monta\u00f1as, disfrute de esta excursi\u00f3n de un d\u00eda completo hacia el conocimiento de esta intrigante monta\u00f1a; tambi\u00e9n ver\u00e1 los magn\u00edficos paisajes y apreciar\u00e1 algunas comunidades t\u00edpicas a lo largo del camino.<\/p>\n\n<p>La Monta\u00f1a Arcoiris o Vinicunca, es un asombroso fen\u00f3meno natural en Cusco, Per\u00fa. Este impresionante paisaje se ha convertido en uno de los destinos tur\u00edsticos m\u00e1s populares del pa\u00eds debido a su singularidad e inigualable belleza. Lo que hace que esta monta\u00f1a sea tan especial es su extraordinaria paleta de colores.  <\/p>\n\n<p>Formada por la erosi\u00f3n, las condiciones ambientales y los dep\u00f3sitos sedimentarios a lo largo del tiempo, la mineralog\u00eda \u00fanica de la monta\u00f1a cre\u00f3 un efecto jaspeado, con matices superpuestos de oro, lavanda, rojo y turquesa que se elevan hacia el cielo.<\/p>\n\n<p>Por lo tanto, tu experiencia en este incre\u00edble lugar ser\u00e1 incre\u00edble. Tendr\u00e1s que seleccionar qu\u00e9 opci\u00f3n te conviene m\u00e1s entre un tour privado o en grupo. Siempre ser\u00e1 mejor que tengas tu propio transporte con un gu\u00eda privado, pero veamos c\u00f3mo es cada uno.  <\/p>\n\n<figure class=\"wp-block-image size-full\"><img loading=\"lazy\" decoding=\"async\" width=\"850\" height=\"638\" src=\"https:\/\/peru-n-u.com\/wp-content\/uploads\/2023\/10\/Viniunca.webp\" alt=\"Viniunca\" class=\"wp-image-8169\" srcset=\"https:\/\/peru-n-u.com\/wp-content\/uploads\/2023\/10\/Viniunca.webp 850w, https:\/\/peru-n-u.com\/wp-content\/uploads\/2023\/10\/Viniunca-300x225.webp 300w, https:\/\/peru-n-u.com\/wp-content\/uploads\/2023\/10\/Viniunca-768x576.webp 768w\" sizes=\"auto, (max-width: 850px) 100vw, 850px\" \/><\/figure>\n\n<h2 class=\"wp-block-heading has-medium-font-size\"><strong>\u00bfC\u00f3mo es nuestro tour Privado a la Monta\u00f1a Arcoiris Vinicunca?<\/strong><\/h2>\n\n<p>El d\u00eda empieza muy temprano en la ma\u00f1ana para poder disfrutar al m\u00e1ximo de toda la experiencia, a trav\u00e9s de nuestro recorrido de 3 horas estaremos acompa\u00f1ados de maravillosas vistas de los andes peruanos, llegando al pintoresco pueblo de Checacupe (3440 mts\/11286.1 ft) el cual se distingue por su hermosa iglesia colonial y puente que a\u00fan mantiene cimientos incas. Tambi\u00e9n pasaremos por los pueblos de Pitumarca (3570 mts\/11712.6 ft) y Hanchipacha (4660 mts\/15288.7 ft) siendo esta nuestra parada para nuestro merecido desayuno. Luego nos dirigiremos hacia la comunidad de Pampachiri (4530 mts\/14862.2 ft) para un corto recorrido de 30 minutos. Aqu\u00ed nuestro gu\u00eda experto nos dar\u00e1 algunos consejos para nuestra caminata de 3 horas atravesando las monta\u00f1as y experimentando los cambios clim\u00e1ticos a medida que avanzamos cuesta arriba, durante nuestra caminata tambi\u00e9n estaremos acompa\u00f1ados por la flora y fauna end\u00e9mica viendo algunas vizcachas, \u00e1guilas, llamas y alpacas. Apreciaremos, por supuesto, algunas de las vistas m\u00e1s maravillosas de las monta\u00f1as que rodean el camino y podremos visualizar los lugares exactos donde las monta\u00f1as comienzan a cambiar de color a medida que avanzamos hacia nuestro destino principal.    <\/p>\n\n<h3 class=\"wp-block-heading has-medium-font-size\"><strong>Algunos datos importantes<\/strong><\/h3>\n\n<p>Para tu seguridad contamos con un caballo de emergencia en caso de que sientas la necesidad de usarlo, no dudes en solicitarlo a tu gu\u00eda. Si lo requieres con anticipaci\u00f3n, te proporcionaremos un par de bastones est\u00e1ndar para que te apoyes durante la caminata, con la ayuda de tu gu\u00eda aprender\u00e1s la t\u00e9cnica correcta para usarlos cuidando bien tus rodillas. <\/p>\n\n<figure class=\"wp-block-image size-large\"><img loading=\"lazy\" decoding=\"async\" width=\"1024\" height=\"683\" src=\"https:\/\/peru-n-u.com\/wp-content\/uploads\/2023\/10\/Horse-in-Vinicunca-1024x683.webp\" alt=\"Caballo en Vinicunca\" class=\"wp-image-8179\" srcset=\"https:\/\/peru-n-u.com\/wp-content\/uploads\/2023\/10\/Horse-in-Vinicunca-1024x683.webp 1024w, https:\/\/peru-n-u.com\/wp-content\/uploads\/2023\/10\/Horse-in-Vinicunca-300x200.webp 300w, https:\/\/peru-n-u.com\/wp-content\/uploads\/2023\/10\/Horse-in-Vinicunca-768x512.webp 768w, https:\/\/peru-n-u.com\/wp-content\/uploads\/2023\/10\/Horse-in-Vinicunca.webp 1080w\" sizes=\"auto, (max-width: 1024px) 100vw, 1024px\" \/><\/figure>\n\n<h3 class=\"wp-block-heading has-medium-font-size\"><strong>\u00bfY qu\u00e9 pasa cuando llegas a la Monta\u00f1a?<\/strong><\/h3>\n\n<p>A nuestra llegada finalmente podremos observar la famosa Monta\u00f1a Arcoiris o Vinicunca (5200 mts\/ 17060.4 pies) que ofrece un espect\u00e1culo encantador de colores de monta\u00f1a mixtos distingui\u00e9ndose pigmentaciones de rosa, blanco, marr\u00f3n, morado, rojo, verde y amarillo.<\/p>\n\n<div class=\"wp-block-media-text is-stacked-on-mobile\"><figure class=\"wp-block-media-text__media\"><img loading=\"lazy\" decoding=\"async\" width=\"1024\" height=\"683\" src=\"https:\/\/peru-n-u.com\/wp-content\/uploads\/2023\/10\/Popular-tourist-destinations-1-1024x683.webp\" alt=\"Destinos turisticos populares\" class=\"wp-image-8172 size-full\" srcset=\"https:\/\/peru-n-u.com\/wp-content\/uploads\/2023\/10\/Popular-tourist-destinations-1-1024x683.webp 1024w, https:\/\/peru-n-u.com\/wp-content\/uploads\/2023\/10\/Popular-tourist-destinations-1-300x200.webp 300w, https:\/\/peru-n-u.com\/wp-content\/uploads\/2023\/10\/Popular-tourist-destinations-1-768x512.webp 768w, https:\/\/peru-n-u.com\/wp-content\/uploads\/2023\/10\/Popular-tourist-destinations-1.webp 1080w\" sizes=\"auto, (max-width: 1024px) 100vw, 1024px\" \/><\/figure><div class=\"wp-block-media-text__content\">\n<p>Disfrutaremos tomando fotos impresionantes con hermosos fondos, escucharemos las explicaciones de nuestro gu\u00eda experto y pasearemos hasta que sea hora de regresar caminando por aproximadamente 2 o 2,5 horas, dependiendo de su condici\u00f3n f\u00edsica, la caminata ser\u00e1 cuesta abajo y m\u00e1s r\u00e1pida. Una vez que lleguemos a Pampachiri, haremos un corto recorrido hasta llegar a nuestro lugar de almuerzo, donde nos esperan exquisitas comidas gourmet en un \u00e1rea apartada. <\/p>\n<\/div><\/div>\n\n<p>Por \u00faltimo y luego de nuestro delicioso almuerzo, retornaremos a Cusco en nuestro transporte privado llegando a las 18:30 pm aproximadamente.<\/p>\n\n<h3 class=\"wp-block-heading has-medium-font-size\"><strong>\u00bfY qu\u00e9 incluye?<\/strong><\/h3>\n\n<p>\u00b7 Un trekking de lujo privado, artesanal y totalmente personalizado de principio a fin.<\/p>\n\n<p>\u00b7 Gu\u00edas profesionales de habla inglesa con conocimiento de las diferentes atracciones a lo largo de la ruta (1 por cada 10 clientes)<\/p>\n\n<p>\u00b7 Asistente de gu\u00eda experto (1 por cada 10 clientes)<\/p>\n\n<p>\u00b7 Se requieren todas las tarifas de entrada y permisos.<\/p>\n\n<p>\u00b7 Todas las comidas cocinadas en el lugar por nuestro chef bien capacitado con ingredientes frescos.<\/p>\n\n<p>\u00b7 Todo el transporte privado terrestre para los clientes.<\/p>\n\n<p>\u00b7 Transporte privado separado para nuestro personal y equipo de campamento.<\/p>\n\n<p>\u00b7 Chef Privado, ayudante de chef y mesero (de 9 a 20 clientes: 01 Chef, 02 ayudantes de chef y 03 meseros)<\/p>\n\n<p>\u00b7 Carpa comedor y sillas<\/p>\n\n<p>\u00b7 Vajilla de porcelana o cer\u00e1mica, cristaler\u00eda y platos singulares de piedra o madera.<\/p>\n\n<p>\u00b7 Sanitario qu\u00edmico port\u00e1til: Sistema sanitario Cleanwaste (de 6 a 12 clientes: 02 sanitarios qu\u00edmicos port\u00e1tiles)<\/p>\n\n<p>\u00b7 Art\u00edculos de aseo: Toallas de manos, crema de manos, alcohol en gel, jab\u00f3n l\u00edquido.<\/p>\n\n<p>\u00b7 Botiqu\u00edn de primeros auxilios y botella de ox\u00edgeno.<\/p>\n\n<p>\u00b7 Todos los impuestos peruanos requeridos (IGV)<\/p>\n\n<h2 class=\"wp-block-heading has-medium-font-size\"><strong>Tour a la Monta\u00f1a en grupo<\/strong><\/h2>\n\n<p>Tendr\u00e1s casi el mismo recorrido que el privado, pero los tiempos y el tama\u00f1o del grupo depender\u00e1n de las reservas que tengamos.<\/p>\n\n<p>Salimos de Cusco temprano por la ma\u00f1ana y viajaremos en bus por 3 horas y media. Adapt\u00e1ndonos a la altura durante el viaje y caminando por el Valle del Vilcanota, veremos peque\u00f1os poblados. Al llegar al punto de inicio de nuestra caminata (Qhechuyno), tenemos 3 horas para apreciar el paisaje y las viviendas de los pobladores de los andes. As\u00ed mismo, tambi\u00e9n cam\u00e9lidos en su h\u00e1bitat natural; llegando as\u00ed a nuestra meta el \u201cCerro Colorado\u201d \u2013 despu\u00e9s de cierto tiempo descenderemos por aproximadamente 2 horas aprox hasta llegar a nuestro punto de partida donde nos espera un delicioso almuerzo de la zona para luego retornar en bus.   <\/p>\n\n<h3 class=\"wp-block-heading has-medium-font-size\"><strong>\u00bfQue incluye?<\/strong><\/h3>\n\n<p>&#8211; Servicio de recogida en su hotel<\/p>\n\n<p>&#8211; Regreso a su hotel.<\/p>\n\n<p>&#8211; Traslado<\/p>\n\n<p>&#8211; Gu\u00eda profesional<\/p>\n\n<p>&#8211; Desayuno y almuerzo<\/p>\n\n<p>&#8211; Bastones de senderismo<\/p>\n\n<p>&#8211; Atenci\u00f3n de primeros auxilios<\/p>\n\n<p>&#8211; Ox\u00edgeno (si es necesario)<\/p>\n\n<p>&#8211; Tarifa de entrada a la Monta\u00f1a Arcoiris<\/p>\n\n<p>&#8211; Gastos personales<\/p>\n","protected":false},"featured_media":9864,"template":"","categories":[169],"class_list":["post-10462","blog","type-blog","status-publish","has-post-thumbnail","hentry","category-blog-es"],"_links":{"self":[{"href":"https:\/\/peru-n-u.com\/es\/wp-json\/wp\/v2\/blog\/10462","targetHints":{"allow":["GET"]}}],"collection":[{"href":"https:\/\/peru-n-u.com\/es\/wp-json\/wp\/v2\/blog"}],"about":[{"href":"https:\/\/peru-n-u.com\/es\/wp-json\/wp\/v2\/types\/blog"}],"wp:featuredmedia":[{"embeddable":true,"href":"https:\/\/peru-n-u.com\/es\/wp-json\/wp\/v2\/media\/9864"}],"wp:attachment":[{"href":"https:\/\/peru-n-u.com\/es\/wp-json\/wp\/v2\/media?parent=10462"}],"wp:term":[{"taxonomy":"category","embeddable":true,"href":"https:\/\/peru-n-u.com\/es\/wp-json\/wp\/v2\/categories?post=10462"}],"curies":[{"name":"wp","href":"https:\/\/api.w.org\/{rel}","templated":true}]}}